{"id":6000,"date":"2021-01-29T10:34:00","date_gmt":"2021-01-29T09:34:00","guid":{"rendered":"https:\/\/www.mycommerce.ch\/?p=6000"},"modified":"2021-01-29T10:37:39","modified_gmt":"2021-01-29T09:37:39","slug":"retrait-sur-place","status":"publish","type":"post","link":"https:\/\/www.mycommerce.ch\/fr\/blog\/retrait-sur-place\/","title":{"rendered":"Option de retrait sur place: c\u2019est possible gr\u00e2ce \u00e0 MyCOMMERCE"},"content":{"rendered":"\n<p class=\"has-drop-cap\">La situation actuelle nous met tous face \u00e0 de nouveaux d\u00e9fis. Pour appliquer avec cr\u00e9ativit\u00e9 les mesures de protection impos\u00e9es, les propri\u00e9taires de magasins physiques en particulier doivent faire preuve de dynamisme et d\u2019inventivit\u00e9. Notre conseil : la fonction de retrait sur place de MyCOMMERCE. <\/p>\n\n\n\n<p>Le saviez-vous ? Gr\u00e2ce \u00e0 la fonction de retrait sur place de MyCOMMERCE, vous pouvez proposer deux options de retrait diff\u00e9rentes \u00e0 vos clients. Il s\u2019agit du classique \u00ab Click and Collect \u00bb et du moins connu \u00ab Curbside Pickup \u00bb. Ci-apr\u00e8s, nous vous pr\u00e9sentons un peu plus en d\u00e9tail ces deux options de retrait.<\/p>\n\n\n\n<h3 class=\"wp-block-heading\"><strong>Que signifie \u00abClick and Collect\u00bb?<\/strong><\/h3>\n\n\n\n<p>Vous en avez certainement d\u00e9j\u00e0 entendu parler et l\u2019avez peut-\u00eatre m\u00eame d\u00e9j\u00e0 utilis\u00e9. Gr\u00e2ce au Click and Collect, c\u2019est-\u00e0-dire le \u00ab clique et rapplique \u00bb, vos clients peuvent commander les produits de leur choix et aller les chercher dans la filiale souhait\u00e9e. La remise de la marchandise command\u00e9e s\u2019effectue en personne, directement au point de vente. En cette p\u00e9riode, le Click and Collect est plus populaire que jamais, car il permet aux d\u00e9taillants de vendre leurs articles malgr\u00e9 la fermeture de leur enseigne au public. Mais cette option comporte aussi de nombreux avantages pour le client, notamment en mati\u00e8re de flexibilit\u00e9 horaire. Contrairement \u00e0 une commande envoy\u00e9e \u00e0 domicile de mani\u00e8re standard, le client ne d\u00e9pend pas d\u2019une heure de livraison. Il est libre de choisir un moment appropri\u00e9 pour aller retirer sa commande au magasin. <\/p>\n\n\n\n<h3 class=\"wp-block-heading\"><strong>Que signifie \u00abCurbside Pickup\u00bb?<\/strong><\/h3>\n\n\n\n<p>Le Curbside Pickup est une pratique particuli\u00e8rement r\u00e9pandue aux \u00c9tats-Unis et en Grande-Bretagne. Contrairement au Click and Collect, qui implique une remise en personne de la marchandise, avec le Curbside Pickup, le client passe chercher sa commande en voiture et, sans qu\u2019il doive en sortir, un employ\u00e9 d\u00e9pose le tout directement dans le coffre de son v\u00e9hicule. Dans le contexte actuel, le Curbside Pickup pr\u00e9sente un avantage de taille : il permet aux entreprises de minimiser les contacts personnels et ainsi de prot\u00e9ger au mieux leur client\u00e8le et leurs employ\u00e9s.  <\/p>\n\n\n\n<h5 class=\"wp-block-heading\"><strong>Le processus de paiement se pr\u00e9sente ainsi:<\/strong><\/h5>\n\n\n\n<figure class=\"wp-block-image size-large is-resized\"><img loading=\"lazy\" decoding=\"async\" src=\"https:\/\/www.mycommerce.ch\/wp-content\/uploads\/2021\/01\/loption-curbside-pickup-1024x490.png\" alt=\"l'option curbside pickup\" class=\"wp-image-6005\" width=\"512\" height=\"245\" srcset=\"https:\/\/www.mycommerce.ch\/wp-content\/uploads\/2021\/01\/loption-curbside-pickup-1024x490.png 1024w, https:\/\/www.mycommerce.ch\/wp-content\/uploads\/2021\/01\/loption-curbside-pickup-300x144.png 300w, https:\/\/www.mycommerce.ch\/wp-content\/uploads\/2021\/01\/loption-curbside-pickup-768x367.png 768w, https:\/\/www.mycommerce.ch\/wp-content\/uploads\/2021\/01\/loption-curbside-pickup.png 1181w\" sizes=\"auto, (max-width: 512px) 100vw, 512px\" \/><\/figure>\n\n\n\n<p>Quand vous ajoutez l\u2019option Curbside Pickup, il est tr\u00e8s important de d\u00e9crire le plus pr\u00e9cis\u00e9ment possible comment, o\u00f9 et quand vos clients peuvent retirer leur commande. N\u2019oubliez en aucun cas d\u2019indiquer le num\u00e9ro de t\u00e9l\u00e9phone du lieu de retrait.<\/p>\n\n\n\n<h5 class=\"wp-block-heading\"><strong>L\u2019op\u00e9ration se d\u00e9roule ainsi dans votre boutique en ligne:<\/strong><\/h5>\n\n\n\n<ol class=\"wp-block-list\" type=\"1\"><li>Au moment de terminer ses achats dans votre boutique, le client choisit l\u2019option de livraison Curbside Pickup.<\/li><li>Vous recevez une notification par e-mail et pouvez pr\u00e9parer sa commande en cons\u00e9quence.<\/li><li>D\u00e8s que celle-ci est pr\u00eate \u00e0 \u00eatre retir\u00e9e, vous en informez le client.<\/li><li>Il se rend au lieu de retrait convenu, vous appelle et ouvre son coffre.<\/li><li>Vous ou un collaborateur d\u00e9posez la marchandise command\u00e9e dans le coffre du client.<\/li><li>Il peut \u00e0 pr\u00e9sent reprendre la route avec ses achats.<\/li><\/ol>\n\n\n\n<p><strong>Important: <\/strong>pour des raisons de s\u00e9curit\u00e9 et d\u2019hygi\u00e8ne, vous et vos employ\u00e9s devriez porter des gants pour emballer et remettre les commandes.<\/p>\n\n\n\n<h3 class=\"wp-block-heading\"><strong>Proposer le Click and Collect et le Curbside Pickup dans votre boutique MyCOMMERCE : marche \u00e0 suivre<\/strong><\/h3>\n\n\n\n<p>Ici, nous vous expliquons comment proposer en toute simplicit\u00e9 le Click and Collect et le Curbside Pickup dans votre boutique MyCOMMERCE. L\u2019abonnement gratuit Free inclut d\u00e9j\u00e0 la possibilit\u00e9 de proposer ces deux options de retrait \u00e0 votre client\u00e8le.<\/p>\n\n\n\n<h5 class=\"wp-block-heading\"><strong>Ajouter les options de retrait et saisir les frais de retrait<\/strong><\/h5>\n\n\n\n<p>Acc\u00e9dez \u00e0 votre compte MyCOMMERCE et cliquez sur Exp\u00e9dition &gt; Ajouter une nouvelle option d\u2019exp\u00e9dition puis sur le bouton \u00ab + Ajouter retrait \u00bb.  Ensuite, dans le champ \u00ab Label de l\u2019option de retrait \u00bb, indiquez le nom de l\u2019option de retrait d\u00e9sir\u00e9e et introduisez les informations les plus importantes, p. ex. le lieu de retrait et les horaires d\u2019ouverture, dans le champ \u00ab Instructions d\u00e9taill\u00e9es pour vos clients \u00bb.<\/p>\n\n\n\n<figure class=\"wp-block-image size-large is-resized\"><img loading=\"lazy\" decoding=\"async\" src=\"https:\/\/www.mycommerce.ch\/wp-content\/uploads\/2021\/01\/instructions-click-and-collect.png\" alt=\"instructions Click and Collect\" class=\"wp-image-6008\" width=\"683\" height=\"383\" srcset=\"https:\/\/www.mycommerce.ch\/wp-content\/uploads\/2021\/01\/instructions-click-and-collect.png 910w, https:\/\/www.mycommerce.ch\/wp-content\/uploads\/2021\/01\/instructions-click-and-collect-300x168.png 300w, https:\/\/www.mycommerce.ch\/wp-content\/uploads\/2021\/01\/instructions-click-and-collect-768x430.png 768w\" sizes=\"auto, (max-width: 683px) 100vw, 683px\" \/><\/figure>\n\n\n\n<p>Si le fait de proposer cette m\u00e9thode de retrait implique des co\u00fbts suppl\u00e9mentaires, vous pouvez facturer un suppl\u00e9ment au client afin de couvrir vos frais. Par exemple, vous pouvez \u00e9tablir une facture pour un suppl\u00e9ment pour un retrait express ou dans un cr\u00e9neau horaire d\u00e9fini. Si vous souhaitez ajouter des frais suppl\u00e9mentaires pour le retrait, indiquez le montant correspondant dans le champ \u00ab Frais de retrait \u00bb lors de la saisie de la m\u00e9thode de retrait.  Ce suppl\u00e9ment que vous avez d\u00e9fini sera ajout\u00e9 \u00e0 la fin du processus de commande, au moment du paiement. <\/p>\n\n\n\n<figure class=\"wp-block-image size-large is-resized\"><img loading=\"lazy\" decoding=\"async\" src=\"https:\/\/www.mycommerce.ch\/wp-content\/uploads\/2021\/01\/Frais-de-retrait-1024x236.png\" alt=\"frais de retrait\" class=\"wp-image-6012\" width=\"768\" height=\"177\" srcset=\"https:\/\/www.mycommerce.ch\/wp-content\/uploads\/2021\/01\/Frais-de-retrait-1024x236.png 1024w, https:\/\/www.mycommerce.ch\/wp-content\/uploads\/2021\/01\/Frais-de-retrait-300x69.png 300w, https:\/\/www.mycommerce.ch\/wp-content\/uploads\/2021\/01\/Frais-de-retrait-768x177.png 768w, https:\/\/www.mycommerce.ch\/wp-content\/uploads\/2021\/01\/Frais-de-retrait.png 1168w\" sizes=\"auto, (max-width: 768px) 100vw, 768px\" \/><\/figure>\n\n\n\n<h5 class=\"wp-block-heading\"><strong>Date et heure de retrait <\/strong><\/h5>\n\n\n\n<p>Lorsque vous ajoutez l\u2019option de retrait souhait\u00e9e dans votre compte MyCOMMERCE, activez dans le m\u00eame temps la fonction permettant de demander au client d\u2019indiquer la date et l\u2019heure de retrait d\u00e9sir\u00e9es lors du processus de paiement dans votre boutique. Ainsi, vos clients peuvent choisir un cr\u00e9neau horaire pour effectuer le retrait. Cette fonction suppl\u00e9mentaire est disponible d\u00e8s l\u2019abonnement Standard et pr\u00e9sente l\u2019avantage de vous permettre d\u2019anticiper de mani\u00e8re optimale les retraits annonc\u00e9s. \u00c0 ce propos, il convient de remarquer que vos clients pourront uniquement s\u00e9lectionner des dates de retrait qui sont comprises dans vos horaires d\u2019ouverture. <\/p>\n\n\n\n<figure class=\"wp-block-image size-large is-resized\"><img loading=\"lazy\" decoding=\"async\" src=\"https:\/\/www.mycommerce.ch\/wp-content\/uploads\/2021\/01\/Demander-la-date-et-lheure-de-retrait.png\" alt=\"demander au client d\u2019indiquer la date et l\u2019heure de retrait\" class=\"wp-image-6015\" width=\"685\" height=\"501\" srcset=\"https:\/\/www.mycommerce.ch\/wp-content\/uploads\/2021\/01\/Demander-la-date-et-lheure-de-retrait.png 913w, https:\/\/www.mycommerce.ch\/wp-content\/uploads\/2021\/01\/Demander-la-date-et-lheure-de-retrait-300x219.png 300w, https:\/\/www.mycommerce.ch\/wp-content\/uploads\/2021\/01\/Demander-la-date-et-lheure-de-retrait-768x562.png 768w\" sizes=\"auto, (max-width: 685px) 100vw, 685px\" \/><\/figure>\n\n\n\n<h5 class=\"wp-block-heading\"><strong>D\u00e9lai de traitement des retraits<\/strong><\/h5>\n\n\n\n<p>Afin de respecter les dates de retrait s\u00e9lectionn\u00e9es par vos clients, nous vous recommandons d\u2019indiquer au pr\u00e9alable un d\u00e9lai de traitement des commandes dans votre compte MyCOMMERCE. Une fois cette information enregistr\u00e9e, les clients verront uniquement les dates de retrait disponibles apr\u00e8s le d\u00e9lai de traitement des commandes que vous aurez d\u00e9fini. Pour d\u00e9finir votre d\u00e9lai personnel de traitement des commandes, vous devez d\u2019abord activer la fonction permettant de demander au client d\u2019indiquer la date et l\u2019heure de retrait. Vous aurez ensuite automatiquement acc\u00e8s au champ \u00ab D\u00e9lai de traitement de la commande \u00bb, qui appara\u00eet sous les horaires d\u2019ouverture. <\/p>\n\n\n\n<figure class=\"wp-block-image size-large is-resized\"><img loading=\"lazy\" decoding=\"async\" src=\"https:\/\/www.mycommerce.ch\/wp-content\/uploads\/2021\/01\/delai-de-traitement-de-la-commande.png\" alt=\"d\u00e9lai de traitement de la commande\" class=\"wp-image-6018\" width=\"668\" height=\"562\" srcset=\"https:\/\/www.mycommerce.ch\/wp-content\/uploads\/2021\/01\/delai-de-traitement-de-la-commande.png 890w, https:\/\/www.mycommerce.ch\/wp-content\/uploads\/2021\/01\/delai-de-traitement-de-la-commande-300x252.png 300w, https:\/\/www.mycommerce.ch\/wp-content\/uploads\/2021\/01\/delai-de-traitement-de-la-commande-768x646.png 768w\" sizes=\"auto, (max-width: 668px) 100vw, 668px\" \/><\/figure>\n\n\n\n<h3 class=\"wp-block-heading\"><strong>Conclusion<\/strong><\/h3>\n\n\n\n<p>Offrez \u00e0 vos clients une exp\u00e9rience d\u2019achat optimale en leur proposant sans tarder de venir chercher leur commande sur place. Les deux options de retrait pr\u00e9sent\u00e9es sont particuli\u00e8rement int\u00e9ressantes pour les restaurants, \u00e9piceries et magasins locaux. <\/p>\n\n\n\n<p>Vous h\u00e9sitez encore ? Vous trouverez des informations compl\u00e9mentaires \u00e0 propos de la fonction de retrait sur place dans notre centre d\u2019assistance. <\/p>\n\n\n<div class=\"wp-block wp-block-cta-button \">\n\t\t\t<div class=\"cta-button-container\">\n\t\t\t<a href=\"https:\/\/www.help.mycommerce.ch\/fr\/configuration\/expedition-et-collecte\/retrait-sur-place\"\n\t\t\t\tclass=\"button red\"\n\t\t\t\tdata-gtm_action=\"\"\n\t\t\t\tdata-gtm_category=\"\"\n\t\t\t\tdata-gtm_label=\"\"\n\t\t\t\tdata-gtm_value=\"\">VERS LE CENTRE D\u2019ASSISTANCE<\/a>\n\t\t<\/div>\n\t<\/div>\n","protected":false},"excerpt":{"rendered":"La situation actuelle nous met tous face \u00e0 de nouveaux d\u00e9fis. Pour appliquer avec cr\u00e9ativit\u00e9 les mesures de protection impos\u00e9es, les propri\u00e9taires de magasins physiques en particulier doivent faire preuve de dynamisme et d\u2019inventivit\u00e9. Notre conseil : la fonction de retrait sur place de MyCOMMERCE. ","protected":false},"author":5,"featured_media":5990,"comment_status":"closed","ping_status":"closed","sticky":false,"template":"","format":"standard","meta":{"_acf_changed":false,"footnotes":""},"categories":[42,17],"tags":[],"class_list":["post-6000","post","type-post","status-publish","format-standard","has-post-thumbnail","hentry","category-mycommerce-features-fr","category-non-classifiee"],"acf":[],"yoast_head":"<!-- This site is optimized with the Yoast SEO plugin v27.5 - https:\/\/yoast.com\/product\/yoast-seo-wordpress\/ -->\n<title>Option de retrait sur place: c\u2019est possible gr\u00e2ce \u00e0 MyCOMMERCE<\/title>\n<meta name=\"description\" content=\"Le saviez-vous? Gr\u00e2ce \u00e0 la fonction de retrait sur place de MyCOMMERCE, vous pouvez proposer deux options de retrait diff\u00e9rentes \u00e0 vos clients. Dans cet article, nous vous dirons tout sur ces deux options.\" \/>\n<meta name=\"robots\" content=\"index, follow, max-snippet:-1, max-image-preview:large, max-video-preview:-1\" \/>\n<link rel=\"canonical\" href=\"https:\/\/mycommerce.ch\/fr\/blog\/retrait-sur-place\/\" \/>\n<meta property=\"og:locale\" content=\"fr_FR\" \/>\n<meta property=\"og:type\" content=\"article\" \/>\n<meta property=\"og:title\" content=\"Option de retrait sur place: c\u2019est possible gr\u00e2ce \u00e0 MyCOMMERCE\" \/>\n<meta property=\"og:description\" content=\"Le saviez-vous? Gr\u00e2ce \u00e0 la fonction de retrait sur place de MyCOMMERCE, vous pouvez proposer deux options de retrait diff\u00e9rentes \u00e0 vos clients. Dans cet article, nous vous dirons tout sur ces deux options.\" \/>\n<meta property=\"og:url\" content=\"https:\/\/mycommerce.ch\/fr\/blog\/retrait-sur-place\/\" \/>\n<meta property=\"og:site_name\" content=\"MyCommerce\" \/>\n<meta property=\"article:publisher\" content=\"https:\/\/www.facebook.com\/localsearch1\" \/>\n<meta property=\"article:published_time\" content=\"2021-01-29T09:34:00+00:00\" \/>\n<meta property=\"article:modified_time\" content=\"2021-01-29T09:37:39+00:00\" \/>\n<meta property=\"og:image\" content=\"https:\/\/mycommerce.ch\/wp-content\/uploads\/2021\/01\/800x423-Beitragsbild_Vor-Ort-Abholung.png\" \/>\n\t<meta property=\"og:image:width\" content=\"800\" \/>\n\t<meta property=\"og:image:height\" content=\"423\" \/>\n\t<meta property=\"og:image:type\" content=\"image\/png\" \/>\n<meta name=\"author\" content=\"Valentina Parente\" \/>\n<meta name=\"twitter:card\" content=\"summary_large_image\" \/>\n<meta name=\"twitter:label1\" content=\"\u00c9crit par\" \/>\n\t<meta name=\"twitter:data1\" content=\"Valentina Parente\" \/>\n\t<meta name=\"twitter:label2\" content=\"Dur\u00e9e de lecture estim\u00e9e\" \/>\n\t<meta name=\"twitter:data2\" content=\"6 minutes\" \/>\n<script type=\"application\/ld+json\" class=\"yoast-schema-graph\">{\"@context\":\"https:\\\/\\\/schema.org\",\"@graph\":[{\"@type\":\"Article\",\"@id\":\"https:\\\/\\\/mycommerce.ch\\\/fr\\\/blog\\\/retrait-sur-place\\\/#article\",\"isPartOf\":{\"@id\":\"https:\\\/\\\/mycommerce.ch\\\/fr\\\/blog\\\/retrait-sur-place\\\/\"},\"author\":{\"name\":\"Valentina Parente\",\"@id\":\"https:\\\/\\\/mycommerce.ch\\\/#\\\/schema\\\/person\\\/936ad12301bbca1792cf7d721169e7e8\"},\"headline\":\"Option de retrait sur place: c\u2019est possible gr\u00e2ce \u00e0 MyCOMMERCE\",\"datePublished\":\"2021-01-29T09:34:00+00:00\",\"dateModified\":\"2021-01-29T09:37:39+00:00\",\"mainEntityOfPage\":{\"@id\":\"https:\\\/\\\/mycommerce.ch\\\/fr\\\/blog\\\/retrait-sur-place\\\/\"},\"wordCount\":1099,\"publisher\":{\"@id\":\"https:\\\/\\\/mycommerce.ch\\\/#organization\"},\"image\":{\"@id\":\"https:\\\/\\\/mycommerce.ch\\\/fr\\\/blog\\\/retrait-sur-place\\\/#primaryimage\"},\"thumbnailUrl\":\"https:\\\/\\\/www.mycommerce.ch\\\/wp-content\\\/uploads\\\/2021\\\/01\\\/800x423-Beitragsbild_Vor-Ort-Abholung.png\",\"articleSection\":[\"MyCOMMERCE Features\",\"Non classifi\u00e9(e)\"],\"inLanguage\":\"fr-FR\"},{\"@type\":\"WebPage\",\"@id\":\"https:\\\/\\\/mycommerce.ch\\\/fr\\\/blog\\\/retrait-sur-place\\\/\",\"url\":\"https:\\\/\\\/mycommerce.ch\\\/fr\\\/blog\\\/retrait-sur-place\\\/\",\"name\":\"Option de retrait sur place: c\u2019est possible gr\u00e2ce \u00e0 MyCOMMERCE\",\"isPartOf\":{\"@id\":\"https:\\\/\\\/mycommerce.ch\\\/#website\"},\"primaryImageOfPage\":{\"@id\":\"https:\\\/\\\/mycommerce.ch\\\/fr\\\/blog\\\/retrait-sur-place\\\/#primaryimage\"},\"image\":{\"@id\":\"https:\\\/\\\/mycommerce.ch\\\/fr\\\/blog\\\/retrait-sur-place\\\/#primaryimage\"},\"thumbnailUrl\":\"https:\\\/\\\/www.mycommerce.ch\\\/wp-content\\\/uploads\\\/2021\\\/01\\\/800x423-Beitragsbild_Vor-Ort-Abholung.png\",\"datePublished\":\"2021-01-29T09:34:00+00:00\",\"dateModified\":\"2021-01-29T09:37:39+00:00\",\"description\":\"Le saviez-vous? Gr\u00e2ce \u00e0 la fonction de retrait sur place de MyCOMMERCE, vous pouvez proposer deux options de retrait diff\u00e9rentes \u00e0 vos clients. Dans cet article, nous vous dirons tout sur ces deux options.\",\"breadcrumb\":{\"@id\":\"https:\\\/\\\/mycommerce.ch\\\/fr\\\/blog\\\/retrait-sur-place\\\/#breadcrumb\"},\"inLanguage\":\"fr-FR\",\"potentialAction\":[{\"@type\":\"ReadAction\",\"target\":[\"https:\\\/\\\/mycommerce.ch\\\/fr\\\/blog\\\/retrait-sur-place\\\/\"]}]},{\"@type\":\"ImageObject\",\"inLanguage\":\"fr-FR\",\"@id\":\"https:\\\/\\\/mycommerce.ch\\\/fr\\\/blog\\\/retrait-sur-place\\\/#primaryimage\",\"url\":\"https:\\\/\\\/www.mycommerce.ch\\\/wp-content\\\/uploads\\\/2021\\\/01\\\/800x423-Beitragsbild_Vor-Ort-Abholung.png\",\"contentUrl\":\"https:\\\/\\\/www.mycommerce.ch\\\/wp-content\\\/uploads\\\/2021\\\/01\\\/800x423-Beitragsbild_Vor-Ort-Abholung.png\",\"width\":800,\"height\":423},{\"@type\":\"BreadcrumbList\",\"@id\":\"https:\\\/\\\/mycommerce.ch\\\/fr\\\/blog\\\/retrait-sur-place\\\/#breadcrumb\",\"itemListElement\":[{\"@type\":\"ListItem\",\"position\":1,\"name\":\"Startseite\",\"item\":\"https:\\\/\\\/www.mycommerce.ch\\\/fr\\\/\"},{\"@type\":\"ListItem\",\"position\":2,\"name\":\"Option de retrait sur place: c\u2019est possible gr\u00e2ce \u00e0 MyCOMMERCE\"}]},{\"@type\":\"WebSite\",\"@id\":\"https:\\\/\\\/mycommerce.ch\\\/#website\",\"url\":\"https:\\\/\\\/mycommerce.ch\\\/\",\"name\":\"MyCOMMERCE - Erstellen Sie Ihren eigenen Oline Shop\",\"description\":\"by Localsearch\",\"publisher\":{\"@id\":\"https:\\\/\\\/mycommerce.ch\\\/#organization\"},\"potentialAction\":[{\"@type\":\"SearchAction\",\"target\":{\"@type\":\"EntryPoint\",\"urlTemplate\":\"https:\\\/\\\/mycommerce.ch\\\/?s={search_term_string}\"},\"query-input\":{\"@type\":\"PropertyValueSpecification\",\"valueRequired\":true,\"valueName\":\"search_term_string\"}}],\"inLanguage\":\"fr-FR\"},{\"@type\":\"Organization\",\"@id\":\"https:\\\/\\\/mycommerce.ch\\\/#organization\",\"name\":\"localsearch\",\"url\":\"https:\\\/\\\/mycommerce.ch\\\/\",\"logo\":{\"@type\":\"ImageObject\",\"inLanguage\":\"fr-FR\",\"@id\":\"https:\\\/\\\/mycommerce.ch\\\/#\\\/schema\\\/logo\\\/image\\\/\",\"url\":\"https:\\\/\\\/www.mycommerce.ch\\\/wp-content\\\/uploads\\\/2019\\\/07\\\/localsearch_logo_left_RGB7.png\",\"contentUrl\":\"https:\\\/\\\/www.mycommerce.ch\\\/wp-content\\\/uploads\\\/2019\\\/07\\\/localsearch_logo_left_RGB7.png\",\"width\":2560,\"height\":1100,\"caption\":\"localsearch\"},\"image\":{\"@id\":\"https:\\\/\\\/mycommerce.ch\\\/#\\\/schema\\\/logo\\\/image\\\/\"},\"sameAs\":[\"https:\\\/\\\/www.facebook.com\\\/localsearch1\",\"https:\\\/\\\/www.instagram.com\\\/mycommerce.ch\\\/\",\"https:\\\/\\\/www.linkedin.com\\\/company\\\/localsearch1\\\/\"]},{\"@type\":\"Person\",\"@id\":\"https:\\\/\\\/mycommerce.ch\\\/#\\\/schema\\\/person\\\/936ad12301bbca1792cf7d721169e7e8\",\"name\":\"Valentina Parente\",\"image\":{\"@type\":\"ImageObject\",\"inLanguage\":\"fr-FR\",\"@id\":\"https:\\\/\\\/secure.gravatar.com\\\/avatar\\\/44695c4d3d629f078823e398b608ad9b05ffc61b63f187f81ab48c2469084d92?s=96&d=mm&r=g\",\"url\":\"https:\\\/\\\/secure.gravatar.com\\\/avatar\\\/44695c4d3d629f078823e398b608ad9b05ffc61b63f187f81ab48c2469084d92?s=96&d=mm&r=g\",\"contentUrl\":\"https:\\\/\\\/secure.gravatar.com\\\/avatar\\\/44695c4d3d629f078823e398b608ad9b05ffc61b63f187f81ab48c2469084d92?s=96&d=mm&r=g\",\"caption\":\"Valentina Parente\"},\"url\":\"https:\\\/\\\/www.mycommerce.ch\\\/fr\\\/blog\\\/author\\\/valentina-parente\\\/\"}]}<\/script>\n<!-- \/ Yoast SEO plugin. -->","yoast_head_json":{"title":"Option de retrait sur place: c\u2019est possible gr\u00e2ce \u00e0 MyCOMMERCE","description":"Le saviez-vous? Gr\u00e2ce \u00e0 la fonction de retrait sur place de MyCOMMERCE, vous pouvez proposer deux options de retrait diff\u00e9rentes \u00e0 vos clients. Dans cet article, nous vous dirons tout sur ces deux options.","robots":{"index":"index","follow":"follow","max-snippet":"max-snippet:-1","max-image-preview":"max-image-preview:large","max-video-preview":"max-video-preview:-1"},"canonical":"https:\/\/mycommerce.ch\/fr\/blog\/retrait-sur-place\/","og_locale":"fr_FR","og_type":"article","og_title":"Option de retrait sur place: c\u2019est possible gr\u00e2ce \u00e0 MyCOMMERCE","og_description":"Le saviez-vous? Gr\u00e2ce \u00e0 la fonction de retrait sur place de MyCOMMERCE, vous pouvez proposer deux options de retrait diff\u00e9rentes \u00e0 vos clients. Dans cet article, nous vous dirons tout sur ces deux options.","og_url":"https:\/\/mycommerce.ch\/fr\/blog\/retrait-sur-place\/","og_site_name":"MyCommerce","article_publisher":"https:\/\/www.facebook.com\/localsearch1","article_published_time":"2021-01-29T09:34:00+00:00","article_modified_time":"2021-01-29T09:37:39+00:00","og_image":[{"width":800,"height":423,"url":"https:\/\/mycommerce.ch\/wp-content\/uploads\/2021\/01\/800x423-Beitragsbild_Vor-Ort-Abholung.png","type":"image\/png"}],"author":"Valentina Parente","twitter_card":"summary_large_image","twitter_misc":{"\u00c9crit par":"Valentina Parente","Dur\u00e9e de lecture estim\u00e9e":"6 minutes"},"schema":{"@context":"https:\/\/schema.org","@graph":[{"@type":"Article","@id":"https:\/\/mycommerce.ch\/fr\/blog\/retrait-sur-place\/#article","isPartOf":{"@id":"https:\/\/mycommerce.ch\/fr\/blog\/retrait-sur-place\/"},"author":{"name":"Valentina Parente","@id":"https:\/\/mycommerce.ch\/#\/schema\/person\/936ad12301bbca1792cf7d721169e7e8"},"headline":"Option de retrait sur place: c\u2019est possible gr\u00e2ce \u00e0 MyCOMMERCE","datePublished":"2021-01-29T09:34:00+00:00","dateModified":"2021-01-29T09:37:39+00:00","mainEntityOfPage":{"@id":"https:\/\/mycommerce.ch\/fr\/blog\/retrait-sur-place\/"},"wordCount":1099,"publisher":{"@id":"https:\/\/mycommerce.ch\/#organization"},"image":{"@id":"https:\/\/mycommerce.ch\/fr\/blog\/retrait-sur-place\/#primaryimage"},"thumbnailUrl":"https:\/\/www.mycommerce.ch\/wp-content\/uploads\/2021\/01\/800x423-Beitragsbild_Vor-Ort-Abholung.png","articleSection":["MyCOMMERCE Features","Non classifi\u00e9(e)"],"inLanguage":"fr-FR"},{"@type":"WebPage","@id":"https:\/\/mycommerce.ch\/fr\/blog\/retrait-sur-place\/","url":"https:\/\/mycommerce.ch\/fr\/blog\/retrait-sur-place\/","name":"Option de retrait sur place: c\u2019est possible gr\u00e2ce \u00e0 MyCOMMERCE","isPartOf":{"@id":"https:\/\/mycommerce.ch\/#website"},"primaryImageOfPage":{"@id":"https:\/\/mycommerce.ch\/fr\/blog\/retrait-sur-place\/#primaryimage"},"image":{"@id":"https:\/\/mycommerce.ch\/fr\/blog\/retrait-sur-place\/#primaryimage"},"thumbnailUrl":"https:\/\/www.mycommerce.ch\/wp-content\/uploads\/2021\/01\/800x423-Beitragsbild_Vor-Ort-Abholung.png","datePublished":"2021-01-29T09:34:00+00:00","dateModified":"2021-01-29T09:37:39+00:00","description":"Le saviez-vous? Gr\u00e2ce \u00e0 la fonction de retrait sur place de MyCOMMERCE, vous pouvez proposer deux options de retrait diff\u00e9rentes \u00e0 vos clients. Dans cet article, nous vous dirons tout sur ces deux options.","breadcrumb":{"@id":"https:\/\/mycommerce.ch\/fr\/blog\/retrait-sur-place\/#breadcrumb"},"inLanguage":"fr-FR","potentialAction":[{"@type":"ReadAction","target":["https:\/\/mycommerce.ch\/fr\/blog\/retrait-sur-place\/"]}]},{"@type":"ImageObject","inLanguage":"fr-FR","@id":"https:\/\/mycommerce.ch\/fr\/blog\/retrait-sur-place\/#primaryimage","url":"https:\/\/www.mycommerce.ch\/wp-content\/uploads\/2021\/01\/800x423-Beitragsbild_Vor-Ort-Abholung.png","contentUrl":"https:\/\/www.mycommerce.ch\/wp-content\/uploads\/2021\/01\/800x423-Beitragsbild_Vor-Ort-Abholung.png","width":800,"height":423},{"@type":"BreadcrumbList","@id":"https:\/\/mycommerce.ch\/fr\/blog\/retrait-sur-place\/#breadcrumb","itemListElement":[{"@type":"ListItem","position":1,"name":"Startseite","item":"https:\/\/www.mycommerce.ch\/fr\/"},{"@type":"ListItem","position":2,"name":"Option de retrait sur place: c\u2019est possible gr\u00e2ce \u00e0 MyCOMMERCE"}]},{"@type":"WebSite","@id":"https:\/\/mycommerce.ch\/#website","url":"https:\/\/mycommerce.ch\/","name":"MyCOMMERCE - Erstellen Sie Ihren eigenen Oline Shop","description":"by Localsearch","publisher":{"@id":"https:\/\/mycommerce.ch\/#organization"},"potentialAction":[{"@type":"SearchAction","target":{"@type":"EntryPoint","urlTemplate":"https:\/\/mycommerce.ch\/?s={search_term_string}"},"query-input":{"@type":"PropertyValueSpecification","valueRequired":true,"valueName":"search_term_string"}}],"inLanguage":"fr-FR"},{"@type":"Organization","@id":"https:\/\/mycommerce.ch\/#organization","name":"localsearch","url":"https:\/\/mycommerce.ch\/","logo":{"@type":"ImageObject","inLanguage":"fr-FR","@id":"https:\/\/mycommerce.ch\/#\/schema\/logo\/image\/","url":"https:\/\/www.mycommerce.ch\/wp-content\/uploads\/2019\/07\/localsearch_logo_left_RGB7.png","contentUrl":"https:\/\/www.mycommerce.ch\/wp-content\/uploads\/2019\/07\/localsearch_logo_left_RGB7.png","width":2560,"height":1100,"caption":"localsearch"},"image":{"@id":"https:\/\/mycommerce.ch\/#\/schema\/logo\/image\/"},"sameAs":["https:\/\/www.facebook.com\/localsearch1","https:\/\/www.instagram.com\/mycommerce.ch\/","https:\/\/www.linkedin.com\/company\/localsearch1\/"]},{"@type":"Person","@id":"https:\/\/mycommerce.ch\/#\/schema\/person\/936ad12301bbca1792cf7d721169e7e8","name":"Valentina Parente","image":{"@type":"ImageObject","inLanguage":"fr-FR","@id":"https:\/\/secure.gravatar.com\/avatar\/44695c4d3d629f078823e398b608ad9b05ffc61b63f187f81ab48c2469084d92?s=96&d=mm&r=g","url":"https:\/\/secure.gravatar.com\/avatar\/44695c4d3d629f078823e398b608ad9b05ffc61b63f187f81ab48c2469084d92?s=96&d=mm&r=g","contentUrl":"https:\/\/secure.gravatar.com\/avatar\/44695c4d3d629f078823e398b608ad9b05ffc61b63f187f81ab48c2469084d92?s=96&d=mm&r=g","caption":"Valentina Parente"},"url":"https:\/\/www.mycommerce.ch\/fr\/blog\/author\/valentina-parente\/"}]}},"_links":{"self":[{"href":"https:\/\/www.mycommerce.ch\/fr\/wp-json\/wp\/v2\/posts\/6000","targetHints":{"allow":["GET"]}}],"collection":[{"href":"https:\/\/www.mycommerce.ch\/fr\/wp-json\/wp\/v2\/posts"}],"about":[{"href":"https:\/\/www.mycommerce.ch\/fr\/wp-json\/wp\/v2\/types\/post"}],"author":[{"embeddable":true,"href":"https:\/\/www.mycommerce.ch\/fr\/wp-json\/wp\/v2\/users\/5"}],"replies":[{"embeddable":true,"href":"https:\/\/www.mycommerce.ch\/fr\/wp-json\/wp\/v2\/comments?post=6000"}],"version-history":[{"count":0,"href":"https:\/\/www.mycommerce.ch\/fr\/wp-json\/wp\/v2\/posts\/6000\/revisions"}],"wp:featuredmedia":[{"embeddable":true,"href":"https:\/\/www.mycommerce.ch\/fr\/wp-json\/wp\/v2\/media\/5990"}],"wp:attachment":[{"href":"https:\/\/www.mycommerce.ch\/fr\/wp-json\/wp\/v2\/media?parent=6000"}],"wp:term":[{"taxonomy":"category","embeddable":true,"href":"https:\/\/www.mycommerce.ch\/fr\/wp-json\/wp\/v2\/categories?post=6000"},{"taxonomy":"post_tag","embeddable":true,"href":"https:\/\/www.mycommerce.ch\/fr\/wp-json\/wp\/v2\/tags?post=6000"}],"curies":[{"name":"wp","href":"https:\/\/api.w.org\/{rel}","templated":true}]}}